{"id":1453,"date":"2016-07-01T10:55:16","date_gmt":"2016-07-01T08:55:16","guid":{"rendered":"https:\/\/www.fablab-neckar-alb.org\/?p=1453"},"modified":"2016-07-01T10:55:16","modified_gmt":"2016-07-01T08:55:16","slug":"neues-bnd-gesetz-zur-em","status":"publish","type":"post","link":"https:\/\/www.fablab-neckar-alb.org\/en\/2016\/07\/01\/neues-bnd-gesetz-zur-em\/","title":{"rendered":"neues BND Gesetz zur EM"},"content":{"rendered":"<p class=\"qtranxs-available-languages-message qtranxs-available-languages-message-en\">Sorry, this entry is only available in <a href=\"https:\/\/www.fablab-neckar-alb.org\/de\/wp-json\/wp\/v2\/posts\/1453\" class=\"qtranxs-available-language-link qtranxs-available-language-link-de\" title=\"Deutsch\">Deutsch<\/a>. For the sake of viewer convenience, the content is shown below in the alternative language. You may click the link to switch the active language.<\/p><p><\/p>\n<blockquote><p><a href=\"https:\/\/www.fablab-neckar-alb.org\/wp-content\/uploads\/2016\/07\/2016-06-28_SPD-Fraktion-PK-BND-Gesetz-730x216.jpg\"><img fetchpriority=\"high\" decoding=\"async\" class=\"alignleft size-full wp-image-1454\" src=\"https:\/\/www.fablab-neckar-alb.org\/wp-content\/uploads\/2016\/07\/2016-06-28_SPD-Fraktion-PK-BND-Gesetz-730x216.jpg\" alt=\"2016-06-28_SPD-Fraktion-PK-BND-Gesetz-730x216\" width=\"730\" height=\"216\" srcset=\"https:\/\/www.fablab-neckar-alb.org\/wp-content\/uploads\/2016\/07\/2016-06-28_SPD-Fraktion-PK-BND-Gesetz-730x216.jpg 730w, https:\/\/www.fablab-neckar-alb.org\/wp-content\/uploads\/2016\/07\/2016-06-28_SPD-Fraktion-PK-BND-Gesetz-730x216-300x89.jpg 300w\" sizes=\"(max-width: 730px) 100vw, 730px\" \/><\/a><\/p>\n<p>Der Bundesnachrichtendienst kann seine Internet-\u00dcberwachung demn\u00e4chst massiv ausbauen. Das geht aus dem neuen BND-Gesetz hervor, auf das sich Bundesregierung und Koalitionsfraktionen geeinigt haben. Alles, was durch Snowden und Untersuchungsausschuss als illegal enttarnt wurde, wird jetzt einfach als legal erkl\u00e4rt.<\/p>\n<p>Die wichtigsten Regelungen knapp zusammengefasst:<\/p><\/blockquote>\n<ol>\n<li><strong>Inland:<\/strong>\u00a0Bisher durfte der Auslandsgeheimdienst BND innerhalb Deutschlands eigentlich nicht abh\u00f6ren. Der Internet-Knoten DE-CIX\u00a0<a href=\"http:\/\/www.sueddeutsche.de\/digital\/geheimdienste-klage-gegen-internet-ueberwachung-des-bnd-1.2447178\" data-versionurl=\"http:\/\/web.archive.org\/web\/20160701020003\/http:\/\/www.sueddeutsche.de\/digital\/geheimdienste-klage-gegen-internet-ueberwachung-des-bnd-1.2447178\" data-versiondate=\"2016-07-01T02:00:05+00:00\" data-amber-behavior=\"\">klagt dagegen<\/a>, dass er\u00a0<a href=\"https:\/\/netzpolitik.org\/2015\/klaus-landefeld-de-cix\/\">seit 2009 vom BND abgeh\u00f6rt wird<\/a>. Das wird jetzt einfach legalisiert, der BND bekommt einen Vollzugriff.<\/li>\n<li><strong>Masse:<\/strong>\u00a0Bisher durfte der BND nur einzelne Leitungen abh\u00f6ren, z.B. eine\u00a0<a href=\"https:\/\/netzpolitik.org\/2015\/interne-e-mail-bnd-und-deutsche-telekom-haben-auch-oesterreich-tschechien-und-luxemburg-abgehoert\/\">Glasfaser der Telekom zwischen Luxemburg und Wien<\/a>\u00a0\u2013 und davon eigentlich nur 20 Prozent der Kapazit\u00e4t. Jetzt fallen beide Grenzen und der BND darf ganze Telekommunikationsnetze abh\u00f6ren, also s\u00e4mtliche Leitungen von Telekom und DE-CIX. Damit wird das \u201eAusma\u00df der \u00dcberwachung erheblich steigen\u201c.<\/li>\n<li><strong>Anlass:<\/strong>\u00a0Die \u00dcberwachung wird immer mit Terror, Krieg und Proliferation begr\u00fcndet. Das waren schon bisher nur einige von insgesamt\u00a0<a href=\"https:\/\/www.gesetze-im-internet.de\/g10_2001\/__5.html\" data-versionurl=\"http:\/\/web.archive.org\/web\/20160701021505\/https:\/\/www.gesetze-im-internet.de\/g10_2001\/__5.html\" data-versiondate=\"2016-07-01T02:15:06+00:00\" data-amber-behavior=\"\">acht Abh\u00f6r-Zielen<\/a>, inklusive\u00a0<a href=\"https:\/\/netzpolitik.org\/2015\/neues-verfassungsschutz-gesetz-bnd-will-ueberwachung-zum-gefahrenbereich-cyber-massiv-ausbauen\/\">\u201eCyber-Gefahren\u201c wie DDoS-Angriffe<\/a>. Aber auch diese \u201eBeschr\u00e4nkung\u201c gilt nur f\u00fcr EU-B\u00fcrger. Den Rest der Welt darf der BND abh\u00f6ren, um \u201edie Handlungsf\u00e4higkeit der BRD zu wahren\u201c und \u201eErkenntnisse von au\u00dfen- und sicherheitspolitischer Bedeutung\u201c zu gewinnen. Das \u201eerlaubt die \u00dcberwachung zu ann\u00e4hernd beliebigen Zielen\u201c.<\/li>\n<li><strong>Metadaten:<\/strong>\u00a0Die \u201ebeliebigen \u00dcberwachungsziele\u201c gelten nur f\u00fcr Inhaltsdaten. Metadaten darf der BND von allen sammeln, die nicht eindeutig als Deutsche erkennbar sind \u2013 also im Zweifel immer. Der BND selbst soll Metadaten nur ein halbes Jahr speichern d\u00fcrfen. Aber der BND darf Metadaten auch massenhaft und automatisch an \u201ePartner\u201c wie die NSA geben. Schon bisher gibt der BND der NSA\u00a0<a href=\"https:\/\/netzpolitik.org\/2015\/interne-kommunikation-wie-der-bnd-die-weitergabe-von-rohdaten-in-grossem-umfang-an-die-nsa-verheimlicht\/\">mindestens 1.300.000.000 Metadaten \u2013 jeden Monat<\/a>. Das wird jetzt legalisiert.<\/li>\n<li><strong>Kontrolle:<\/strong>\u00a0Die Kontrolle der Geheimdienste ist bisher zersplittert in drei Gremien, die jeweils nur einen Ausschnitt sehen. Jetzt wird ein viertes Gremium geschaffen, das als \u201eunabh\u00e4ngig\u201c bezeichnet wird, aber von der Regierung ernannt wird. Auch weiterhin gibt es keine Kontroll-Instanz, die ein vollst\u00e4ndiges Bild \u00fcber die Aktivit\u00e4ten des BND hat. Effektive Kontrolle ist so unm\u00f6glich.<\/li>\n<\/ol>\n<p>mehr\/via <a href=\"https:\/\/netzpolitik.org\/2016\/das-neue-bnd-gesetz-alles-was-der-bnd-macht-wird-einfach-legalisiert-und-sogar-noch-ausgeweitet\/\">Netzpolitik<\/a><\/p>","protected":false},"excerpt":{"rendered":"<p>Sorry, this entry is only available in Deutsch. For the sake of viewer convenience, the content is shown below in the alternative language. You may click the link to switch [&hellip;]<\/p>\n","protected":false},"author":11,"featured_media":0,"comment_status":"closed","ping_status":"closed","sticky":false,"template":"","format":"standard","meta":{"ocean_post_layout":"","ocean_both_sidebars_style":"","ocean_both_sidebars_content_width":0,"ocean_both_sidebars_sidebars_width":0,"ocean_sidebar":"","ocean_second_sidebar":"","ocean_disable_margins":"enable","ocean_add_body_class":"","ocean_shortcode_before_top_bar":"","ocean_shortcode_after_top_bar":"","ocean_shortcode_before_header":"","ocean_shortcode_after_header":"","ocean_has_shortcode":"","ocean_shortcode_after_title":"","ocean_shortcode_before_footer_widgets":"","ocean_shortcode_after_footer_widgets":"","ocean_shortcode_before_footer_bottom":"","ocean_shortcode_after_footer_bottom":"","ocean_display_top_bar":"default","ocean_display_header":"default","ocean_header_style":"","ocean_center_header_left_menu":"","ocean_custom_header_template":"","ocean_custom_logo":0,"ocean_custom_retina_logo":0,"ocean_custom_logo_max_width":0,"ocean_custom_logo_tablet_max_width":0,"ocean_custom_logo_mobile_max_width":0,"ocean_custom_logo_max_height":0,"ocean_custom_logo_tablet_max_height":0,"ocean_custom_logo_mobile_max_height":0,"ocean_header_custom_menu":"","ocean_menu_typo_font_family":"","ocean_menu_typo_font_subset":"","ocean_menu_typo_font_size":0,"ocean_menu_typo_font_size_tablet":0,"ocean_menu_typo_font_size_mobile":0,"ocean_menu_typo_font_size_unit":"px","ocean_menu_typo_font_weight":"","ocean_menu_typo_font_weight_tablet":"","ocean_menu_typo_font_weight_mobile":"","ocean_menu_typo_transform":"","ocean_menu_typo_transform_tablet":"","ocean_menu_typo_transform_mobile":"","ocean_menu_typo_line_height":0,"ocean_menu_typo_line_height_tablet":0,"ocean_menu_typo_line_height_mobile":0,"ocean_menu_typo_line_height_unit":"","ocean_menu_typo_spacing":0,"ocean_menu_typo_spacing_tablet":0,"ocean_menu_typo_spacing_mobile":0,"ocean_menu_typo_spacing_unit":"","ocean_menu_link_color":"","ocean_menu_link_color_hover":"","ocean_menu_link_color_active":"","ocean_menu_link_background":"","ocean_menu_link_hover_background":"","ocean_menu_link_active_background":"","ocean_menu_social_links_bg":"","ocean_menu_social_hover_links_bg":"","ocean_menu_social_links_color":"","ocean_menu_social_hover_links_color":"","ocean_disable_title":"default","ocean_disable_heading":"default","ocean_post_title":"","ocean_post_subheading":"","ocean_post_title_style":"","ocean_post_title_background_color":"","ocean_post_title_background":0,"ocean_post_title_bg_image_position":"","ocean_post_title_bg_image_attachment":"","ocean_post_title_bg_image_repeat":"","ocean_post_title_bg_image_size":"","ocean_post_title_height":0,"ocean_post_title_bg_overlay":0.5,"ocean_post_title_bg_overlay_color":"","ocean_disable_breadcrumbs":"default","ocean_breadcrumbs_color":"","ocean_breadcrumbs_separator_color":"","ocean_breadcrumbs_links_color":"","ocean_breadcrumbs_links_hover_color":"","ocean_display_footer_widgets":"default","ocean_display_footer_bottom":"default","ocean_custom_footer_template":"","ocean_post_oembed":"","ocean_post_self_hosted_media":"","ocean_post_video_embed":"","ocean_link_format":"","ocean_link_format_target":"self","ocean_quote_format":"","ocean_quote_format_link":"post","ocean_gallery_link_images":"on","ocean_gallery_id":[],"footnotes":""},"categories":[23],"tags":[172,171,174,175,173],"class_list":["post-1453","post","type-post","status-publish","format-standard","hentry","category-news","tag-bad","tag-em","tag-erneuerung","tag-erweiterung","tag-gesetz","entry"],"_links":{"self":[{"href":"https:\/\/www.fablab-neckar-alb.org\/en\/wp-json\/wp\/v2\/posts\/1453","targetHints":{"allow":["GET"]}}],"collection":[{"href":"https:\/\/www.fablab-neckar-alb.org\/en\/wp-json\/wp\/v2\/posts"}],"about":[{"href":"https:\/\/www.fablab-neckar-alb.org\/en\/wp-json\/wp\/v2\/types\/post"}],"author":[{"embeddable":true,"href":"https:\/\/www.fablab-neckar-alb.org\/en\/wp-json\/wp\/v2\/users\/11"}],"replies":[{"embeddable":true,"href":"https:\/\/www.fablab-neckar-alb.org\/en\/wp-json\/wp\/v2\/comments?post=1453"}],"version-history":[{"count":0,"href":"https:\/\/www.fablab-neckar-alb.org\/en\/wp-json\/wp\/v2\/posts\/1453\/revisions"}],"wp:attachment":[{"href":"https:\/\/www.fablab-neckar-alb.org\/en\/wp-json\/wp\/v2\/media?parent=1453"}],"wp:term":[{"taxonomy":"category","embeddable":true,"href":"https:\/\/www.fablab-neckar-alb.org\/en\/wp-json\/wp\/v2\/categories?post=1453"},{"taxonomy":"post_tag","embeddable":true,"href":"https:\/\/www.fablab-neckar-alb.org\/en\/wp-json\/wp\/v2\/tags?post=1453"}],"curies":[{"name":"wp","href":"https:\/\/api.w.org\/{rel}","templated":true}]}}