{"id":1751,"date":"2016-10-11T15:04:06","date_gmt":"2016-10-11T13:04:06","guid":{"rendered":"https:\/\/www.fablab-neckar-alb.org\/?p=1751"},"modified":"2016-10-11T15:23:17","modified_gmt":"2016-10-11T13:23:17","slug":"eine-stelle-am-fablab","status":"publish","type":"post","link":"https:\/\/www.fablab-neckar-alb.org\/en\/2016\/10\/11\/eine-stelle-am-fablab\/","title":{"rendered":"Eine Stelle am FabLab?"},"content":{"rendered":"<p class=\"qtranxs-available-languages-message qtranxs-available-languages-message-en\">Sorry, this entry is only available in <a href=\"https:\/\/www.fablab-neckar-alb.org\/de\/wp-json\/wp\/v2\/posts\/1751\" class=\"qtranxs-available-language-link qtranxs-available-language-link-de\" title=\"Deutsch\">Deutsch<\/a>. For the sake of viewer convenience, the content is shown below in the alternative language. You may click the link to switch the active language.<\/p><p><a href=\"https:\/\/www.fablab-neckar-alb.org\/wp-content\/uploads\/2016\/02\/fablab_you.png\"><img fetchpriority=\"high\" decoding=\"async\" class=\"size-full wp-image-1023 aligncenter\" src=\"https:\/\/www.fablab-neckar-alb.org\/wp-content\/uploads\/2016\/02\/fablab_you.png\" alt=\"fablab_you\" width=\"556\" height=\"556\" srcset=\"https:\/\/www.fablab-neckar-alb.org\/wp-content\/uploads\/2016\/02\/fablab_you.png 556w, https:\/\/www.fablab-neckar-alb.org\/wp-content\/uploads\/2016\/02\/fablab_you-150x150.png 150w, https:\/\/www.fablab-neckar-alb.org\/wp-content\/uploads\/2016\/02\/fablab_you-300x300.png 300w\" sizes=\"(max-width: 556px) 100vw, 556px\" \/><\/a><br \/>\nDas FabLab Neckar-Alb e.V. sucht ab 01.11. eine Mitarbeiter*in zur Koordination und Begleitung des Projektes impart. Das Projekt richtet sich an Gefl\u00fcchtete und Interessierte, die Hardware- und Software-F\u00e4higkeiten erlernen wollen und diese ehrenamtlich an andere Interessierte aus verschiedenen Gruppen weitergeben. Es gibt die M\u00f6glichkeit eigene Akzente zu setzen und das Projekt inhaltlich mitzugestalten.<br \/>\nGesucht wird eine Honorarkraft, die ca. 5 Stunden pro Woche f\u00fcr das Projekt zur Verf\u00fcgung steht. Verg\u00fctung: 26\u20ac pro Stunde. Die Stelle ist auf 4 Monate befristet.<br \/>\nZu dem Aufgabengebiet geh\u00f6rt die Kommunikation mit den Gruppen und die Koordination und Organisation der Workshops und Termine. Man fungiert als Ansprechpartner f\u00fcr die Teilnehmer*innen, Organisationen und dem FabLab.<br \/>\nIhr Profil:<br \/>\ngrundlegendedes technisches Verst\u00e4ndnis \/ Interesse<br \/>\nOrganisationstalent<br \/>\nselbst\u00e4ndiges und selbstorganisiertes Arbeiten<br \/>\nKommunikationsf\u00e4higkeit<br \/>\nw\u00fcnschenswert w\u00e4ren eigene Erfahrungen mit Linux. Vorteilhaft sind Erfahrungen in der Arbeit mit Gefl\u00fcchteten und Hilfsorganisationen<br \/>\nF\u00fcr R\u00fcckfragen oder Bewerbungen: &#x6a;&#x6f;&#x62;&#x73;&#x40;<span class=\"oe_displaynone\">null<\/span>&#x66;&#x61;&#x62;&#x6c;&#x61;&#x62;&#x2d;&#x6e;&#x65;&#x63;&#x6b;&#x61;&#x72;&#x2d;&#x61;&#x6c;&#x62;&#x2e;&#x6f;&#x72;&#x67;<\/p>","protected":false},"excerpt":{"rendered":"<p>Sorry, this entry is only available in Deutsch. For the sake of viewer convenience, the content is shown below in the alternative language. You may click the link to switch [&hellip;]<\/p>\n","protected":false},"author":11,"featured_media":0,"comment_status":"closed","ping_status":"closed","sticky":false,"template":"","format":"standard","meta":{"ocean_post_layout":"","ocean_both_sidebars_style":"","ocean_both_sidebars_content_width":0,"ocean_both_sidebars_sidebars_width":0,"ocean_sidebar":"","ocean_second_sidebar":"","ocean_disable_margins":"enable","ocean_add_body_class":"","ocean_shortcode_before_top_bar":"","ocean_shortcode_after_top_bar":"","ocean_shortcode_before_header":"","ocean_shortcode_after_header":"","ocean_has_shortcode":"","ocean_shortcode_after_title":"","ocean_shortcode_before_footer_widgets":"","ocean_shortcode_after_footer_widgets":"","ocean_shortcode_before_footer_bottom":"","ocean_shortcode_after_footer_bottom":"","ocean_display_top_bar":"default","ocean_display_header":"default","ocean_header_style":"","ocean_center_header_left_menu":"","ocean_custom_header_template":"","ocean_custom_logo":0,"ocean_custom_retina_logo":0,"ocean_custom_logo_max_width":0,"ocean_custom_logo_tablet_max_width":0,"ocean_custom_logo_mobile_max_width":0,"ocean_custom_logo_max_height":0,"ocean_custom_logo_tablet_max_height":0,"ocean_custom_logo_mobile_max_height":0,"ocean_header_custom_menu":"","ocean_menu_typo_font_family":"","ocean_menu_typo_font_subset":"","ocean_menu_typo_font_size":0,"ocean_menu_typo_font_size_tablet":0,"ocean_menu_typo_font_size_mobile":0,"ocean_menu_typo_font_size_unit":"px","ocean_menu_typo_font_weight":"","ocean_menu_typo_font_weight_tablet":"","ocean_menu_typo_font_weight_mobile":"","ocean_menu_typo_transform":"","ocean_menu_typo_transform_tablet":"","ocean_menu_typo_transform_mobile":"","ocean_menu_typo_line_height":0,"ocean_menu_typo_line_height_tablet":0,"ocean_menu_typo_line_height_mobile":0,"ocean_menu_typo_line_height_unit":"","ocean_menu_typo_spacing":0,"ocean_menu_typo_spacing_tablet":0,"ocean_menu_typo_spacing_mobile":0,"ocean_menu_typo_spacing_unit":"","ocean_menu_link_color":"","ocean_menu_link_color_hover":"","ocean_menu_link_color_active":"","ocean_menu_link_background":"","ocean_menu_link_hover_background":"","ocean_menu_link_active_background":"","ocean_menu_social_links_bg":"","ocean_menu_social_hover_links_bg":"","ocean_menu_social_links_color":"","ocean_menu_social_hover_links_color":"","ocean_disable_title":"default","ocean_disable_heading":"default","ocean_post_title":"","ocean_post_subheading":"","ocean_post_title_style":"","ocean_post_title_background_color":"","ocean_post_title_background":0,"ocean_post_title_bg_image_position":"","ocean_post_title_bg_image_attachment":"","ocean_post_title_bg_image_repeat":"","ocean_post_title_bg_image_size":"","ocean_post_title_height":0,"ocean_post_title_bg_overlay":0.5,"ocean_post_title_bg_overlay_color":"","ocean_disable_breadcrumbs":"default","ocean_breadcrumbs_color":"","ocean_breadcrumbs_separator_color":"","ocean_breadcrumbs_links_color":"","ocean_breadcrumbs_links_hover_color":"","ocean_display_footer_widgets":"default","ocean_display_footer_bottom":"default","ocean_custom_footer_template":"","ocean_post_oembed":"","ocean_post_self_hosted_media":"","ocean_post_video_embed":"","ocean_link_format":"","ocean_link_format_target":"self","ocean_quote_format":"","ocean_quote_format_link":"post","ocean_gallery_link_images":"on","ocean_gallery_id":[],"footnotes":""},"categories":[155],"tags":[37,219,218,220],"class_list":["post-1751","post","type-post","status-publish","format-standard","hentry","category-call","tag-37","tag-impart","tag-job","tag-mittendrin","entry"],"_links":{"self":[{"href":"https:\/\/www.fablab-neckar-alb.org\/en\/wp-json\/wp\/v2\/posts\/1751","targetHints":{"allow":["GET"]}}],"collection":[{"href":"https:\/\/www.fablab-neckar-alb.org\/en\/wp-json\/wp\/v2\/posts"}],"about":[{"href":"https:\/\/www.fablab-neckar-alb.org\/en\/wp-json\/wp\/v2\/types\/post"}],"author":[{"embeddable":true,"href":"https:\/\/www.fablab-neckar-alb.org\/en\/wp-json\/wp\/v2\/users\/11"}],"replies":[{"embeddable":true,"href":"https:\/\/www.fablab-neckar-alb.org\/en\/wp-json\/wp\/v2\/comments?post=1751"}],"version-history":[{"count":0,"href":"https:\/\/www.fablab-neckar-alb.org\/en\/wp-json\/wp\/v2\/posts\/1751\/revisions"}],"wp:attachment":[{"href":"https:\/\/www.fablab-neckar-alb.org\/en\/wp-json\/wp\/v2\/media?parent=1751"}],"wp:term":[{"taxonomy":"category","embeddable":true,"href":"https:\/\/www.fablab-neckar-alb.org\/en\/wp-json\/wp\/v2\/categories?post=1751"},{"taxonomy":"post_tag","embeddable":true,"href":"https:\/\/www.fablab-neckar-alb.org\/en\/wp-json\/wp\/v2\/tags?post=1751"}],"curies":[{"name":"wp","href":"https:\/\/api.w.org\/{rel}","templated":true}]}}