{"id":2501,"date":"2017-03-05T16:35:01","date_gmt":"2017-03-05T14:35:01","guid":{"rendered":"https:\/\/www.fablab-neckar-alb.org\/?p=2501"},"modified":"2017-03-05T16:35:01","modified_gmt":"2017-03-05T14:35:01","slug":"call-genius-loci-festival-2017","status":"publish","type":"post","link":"https:\/\/www.fablab-neckar-alb.org\/en\/2017\/03\/05\/call-genius-loci-festival-2017\/","title":{"rendered":"Call: Genius Loci Festival 2017"},"content":{"rendered":"<p class=\"qtranxs-available-languages-message qtranxs-available-languages-message-en\">Sorry, this entry is only available in <a href=\"https:\/\/www.fablab-neckar-alb.org\/de\/wp-json\/wp\/v2\/posts\/2501\" class=\"qtranxs-available-language-link qtranxs-available-language-link-de\" title=\"Deutsch\">Deutsch<\/a>. For the sake of viewer convenience, the content is shown below in the alternative language. You may click the link to switch the active language.<\/p><p><a href=\"https:\/\/www.genius-loci-weimar.org\/videomapping-wettbewerb\/\"><img fetchpriority=\"high\" decoding=\"async\" class=\"size-large wp-image-2502 alignnone\" src=\"https:\/\/www.fablab-neckar-alb.org\/wp-content\/uploads\/2017\/03\/Bildschirmfoto-2017-03-05-um-15.32.39-1024x346.png\" alt=\"\" width=\"750\" height=\"253\" srcset=\"https:\/\/www.fablab-neckar-alb.org\/wp-content\/uploads\/2017\/03\/Bildschirmfoto-2017-03-05-um-15.32.39-1024x346.png 1024w, https:\/\/www.fablab-neckar-alb.org\/wp-content\/uploads\/2017\/03\/Bildschirmfoto-2017-03-05-um-15.32.39-300x101.png 300w, https:\/\/www.fablab-neckar-alb.org\/wp-content\/uploads\/2017\/03\/Bildschirmfoto-2017-03-05-um-15.32.39-768x260.png 768w, https:\/\/www.fablab-neckar-alb.org\/wp-content\/uploads\/2017\/03\/Bildschirmfoto-2017-03-05-um-15.32.39.png 2000w\" sizes=\"(max-width: 750px) 100vw, 750px\" \/><\/a><\/p>\n<blockquote><p>Vom 27. Februar 2017 bis zum Einsendeschluss Sonntag, den 9. April 2017 k\u00f6nnen alle interessierten K\u00fcnstler ihre Konzeptideen f\u00fcr das Genius Loci Weimar Festival einreichen. Die Konzeptideen werden in einer \u00f6ffentlichen Ausstellung im Fr\u00fchjahr 2017 in Weimar gezeigt und u. a. mit Hilfe des Publikums pr\u00e4miert. Die drei Gewinnerprojekte werden mit einem gesamten Preisgeld von 48.000 Euro realisiert und im Rahmen des Festivals vom 11. bis zum 13. August 2017 in einem abendlichen Parcours durch Weimar pr\u00e4sentiert.<\/p><\/blockquote>\n<p><a href=\"https:\/\/www.genius-loci-weimar.org\/videomapping-wettbewerb\/\">klick<\/a><\/p>","protected":false},"excerpt":{"rendered":"<p>Sorry, this entry is only available in Deutsch. For the sake of viewer convenience, the content is shown below in the alternative language. You may click the link to switch [&hellip;]<\/p>\n","protected":false},"author":11,"featured_media":0,"comment_status":"closed","ping_status":"closed","sticky":false,"template":"","format":"standard","meta":{"ocean_post_layout":"","ocean_both_sidebars_style":"","ocean_both_sidebars_content_width":0,"ocean_both_sidebars_sidebars_width":0,"ocean_sidebar":"","ocean_second_sidebar":"","ocean_disable_margins":"enable","ocean_add_body_class":"","ocean_shortcode_before_top_bar":"","ocean_shortcode_after_top_bar":"","ocean_shortcode_before_header":"","ocean_shortcode_after_header":"","ocean_has_shortcode":"","ocean_shortcode_after_title":"","ocean_shortcode_before_footer_widgets":"","ocean_shortcode_after_footer_widgets":"","ocean_shortcode_before_footer_bottom":"","ocean_shortcode_after_footer_bottom":"","ocean_display_top_bar":"default","ocean_display_header":"default","ocean_header_style":"","ocean_center_header_left_menu":"","ocean_custom_header_template":"","ocean_custom_logo":0,"ocean_custom_retina_logo":0,"ocean_custom_logo_max_width":0,"ocean_custom_logo_tablet_max_width":0,"ocean_custom_logo_mobile_max_width":0,"ocean_custom_logo_max_height":0,"ocean_custom_logo_tablet_max_height":0,"ocean_custom_logo_mobile_max_height":0,"ocean_header_custom_menu":"","ocean_menu_typo_font_family":"","ocean_menu_typo_font_subset":"","ocean_menu_typo_font_size":0,"ocean_menu_typo_font_size_tablet":0,"ocean_menu_typo_font_size_mobile":0,"ocean_menu_typo_font_size_unit":"px","ocean_menu_typo_font_weight":"","ocean_menu_typo_font_weight_tablet":"","ocean_menu_typo_font_weight_mobile":"","ocean_menu_typo_transform":"","ocean_menu_typo_transform_tablet":"","ocean_menu_typo_transform_mobile":"","ocean_menu_typo_line_height":0,"ocean_menu_typo_line_height_tablet":0,"ocean_menu_typo_line_height_mobile":0,"ocean_menu_typo_line_height_unit":"","ocean_menu_typo_spacing":0,"ocean_menu_typo_spacing_tablet":0,"ocean_menu_typo_spacing_mobile":0,"ocean_menu_typo_spacing_unit":"","ocean_menu_link_color":"","ocean_menu_link_color_hover":"","ocean_menu_link_color_active":"","ocean_menu_link_background":"","ocean_menu_link_hover_background":"","ocean_menu_link_active_background":"","ocean_menu_social_links_bg":"","ocean_menu_social_hover_links_bg":"","ocean_menu_social_links_color":"","ocean_menu_social_hover_links_color":"","ocean_disable_title":"default","ocean_disable_heading":"default","ocean_post_title":"","ocean_post_subheading":"","ocean_post_title_style":"","ocean_post_title_background_color":"","ocean_post_title_background":0,"ocean_post_title_bg_image_position":"","ocean_post_title_bg_image_attachment":"","ocean_post_title_bg_image_repeat":"","ocean_post_title_bg_image_size":"","ocean_post_title_height":0,"ocean_post_title_bg_overlay":0.5,"ocean_post_title_bg_overlay_color":"","ocean_disable_breadcrumbs":"default","ocean_breadcrumbs_color":"","ocean_breadcrumbs_separator_color":"","ocean_breadcrumbs_links_color":"","ocean_breadcrumbs_links_hover_color":"","ocean_display_footer_widgets":"default","ocean_display_footer_bottom":"default","ocean_custom_footer_template":"","ocean_post_oembed":"","ocean_post_self_hosted_media":"","ocean_post_video_embed":"","ocean_link_format":"","ocean_link_format_target":"self","ocean_quote_format":"","ocean_quote_format_link":"post","ocean_gallery_link_images":"on","ocean_gallery_id":[],"footnotes":""},"categories":[155],"tags":[46,44,308,30,32,31,309,133],"class_list":["post-2501","post","type-post","status-publish","format-standard","hentry","category-call","tag-art","tag-call","tag-digital-art","tag-festival","tag-genius-loci","tag-mapping","tag-multimedia","tag-weimar","entry"],"_links":{"self":[{"href":"https:\/\/www.fablab-neckar-alb.org\/en\/wp-json\/wp\/v2\/posts\/2501","targetHints":{"allow":["GET"]}}],"collection":[{"href":"https:\/\/www.fablab-neckar-alb.org\/en\/wp-json\/wp\/v2\/posts"}],"about":[{"href":"https:\/\/www.fablab-neckar-alb.org\/en\/wp-json\/wp\/v2\/types\/post"}],"author":[{"embeddable":true,"href":"https:\/\/www.fablab-neckar-alb.org\/en\/wp-json\/wp\/v2\/users\/11"}],"replies":[{"embeddable":true,"href":"https:\/\/www.fablab-neckar-alb.org\/en\/wp-json\/wp\/v2\/comments?post=2501"}],"version-history":[{"count":0,"href":"https:\/\/www.fablab-neckar-alb.org\/en\/wp-json\/wp\/v2\/posts\/2501\/revisions"}],"wp:attachment":[{"href":"https:\/\/www.fablab-neckar-alb.org\/en\/wp-json\/wp\/v2\/media?parent=2501"}],"wp:term":[{"taxonomy":"category","embeddable":true,"href":"https:\/\/www.fablab-neckar-alb.org\/en\/wp-json\/wp\/v2\/categories?post=2501"},{"taxonomy":"post_tag","embeddable":true,"href":"https:\/\/www.fablab-neckar-alb.org\/en\/wp-json\/wp\/v2\/tags?post=2501"}],"curies":[{"name":"wp","href":"https:\/\/api.w.org\/{rel}","templated":true}]}}