{"id":6961,"date":"2024-08-20T22:16:50","date_gmt":"2024-08-20T20:16:50","guid":{"rendered":"https:\/\/www.fablab-neckar-alb.org\/?p=6961"},"modified":"2024-08-20T22:16:50","modified_gmt":"2024-08-20T20:16:50","slug":"das-lastenrad-faehrt","status":"publish","type":"post","link":"https:\/\/www.fablab-neckar-alb.org\/en\/2024\/08\/20\/das-lastenrad-faehrt\/","title":{"rendered":"Das Lastenrad f\u00e4hrt!"},"content":{"rendered":"<p>Wir haben lange kein Update zum Lastenrad mehr gepostet. Aber in letzter Zeit hat das Projekt wieder Fahrt aufgenommen&#8230; Auch im w\u00f6rtlichen Sinne! Nach kleineren Startschwierigkeiten ist das Rad jetzt fahrt\u00fcchtig. Und wir finden, es f\u00e4hrt sich super!<\/p>\n\n\n\n<figure class=\"wp-block-image size-medium\"><a href=\"https:\/\/www.fablab-neckar-alb.org\/wp-content\/uploads\/2024\/08\/IMG_4611-1-rotated.jpg\"><img fetchpriority=\"high\" decoding=\"async\" width=\"225\" height=\"300\" src=\"https:\/\/www.fablab-neckar-alb.org\/wp-content\/uploads\/2024\/08\/IMG_4611-1-225x300.jpg\" alt=\"\" class=\"wp-image-6963\" srcset=\"https:\/\/www.fablab-neckar-alb.org\/wp-content\/uploads\/2024\/08\/IMG_4611-1-225x300.jpg 225w, https:\/\/www.fablab-neckar-alb.org\/wp-content\/uploads\/2024\/08\/IMG_4611-1-768x1024.jpg 768w, https:\/\/www.fablab-neckar-alb.org\/wp-content\/uploads\/2024\/08\/IMG_4611-1-1152x1536.jpg 1152w, https:\/\/www.fablab-neckar-alb.org\/wp-content\/uploads\/2024\/08\/IMG_4611-1-rotated.jpg 1512w\" sizes=\"(max-width: 225px) 100vw, 225px\" \/><\/a><\/figure>\n\n\n\n<figure class=\"wp-block-image size-large\"><a href=\"https:\/\/www.fablab-neckar-alb.org\/wp-content\/uploads\/2024\/08\/IMG_4625.jpg\"><img decoding=\"async\" width=\"1024\" height=\"768\" src=\"https:\/\/www.fablab-neckar-alb.org\/wp-content\/uploads\/2024\/08\/IMG_4625-1024x768.jpg\" alt=\"\" class=\"wp-image-6964\" srcset=\"https:\/\/www.fablab-neckar-alb.org\/wp-content\/uploads\/2024\/08\/IMG_4625-1024x768.jpg 1024w, https:\/\/www.fablab-neckar-alb.org\/wp-content\/uploads\/2024\/08\/IMG_4625-300x225.jpg 300w, https:\/\/www.fablab-neckar-alb.org\/wp-content\/uploads\/2024\/08\/IMG_4625-768x576.jpg 768w, https:\/\/www.fablab-neckar-alb.org\/wp-content\/uploads\/2024\/08\/IMG_4625-1536x1152.jpg 1536w, https:\/\/www.fablab-neckar-alb.org\/wp-content\/uploads\/2024\/08\/IMG_4625.jpg 2016w\" sizes=\"(max-width: 1024px) 100vw, 1024px\" \/><\/a><\/figure>\n\n\n\n<figure class=\"wp-block-image size-large\"><a href=\"https:\/\/www.fablab-neckar-alb.org\/wp-content\/uploads\/2024\/08\/IMG_4629.jpg\"><img decoding=\"async\" width=\"1024\" height=\"576\" src=\"https:\/\/www.fablab-neckar-alb.org\/wp-content\/uploads\/2024\/08\/IMG_4629-1024x576.jpg\" alt=\"\" class=\"wp-image-6965\" srcset=\"https:\/\/www.fablab-neckar-alb.org\/wp-content\/uploads\/2024\/08\/IMG_4629-1024x576.jpg 1024w, https:\/\/www.fablab-neckar-alb.org\/wp-content\/uploads\/2024\/08\/IMG_4629-300x169.jpg 300w, https:\/\/www.fablab-neckar-alb.org\/wp-content\/uploads\/2024\/08\/IMG_4629-768x432.jpg 768w, https:\/\/www.fablab-neckar-alb.org\/wp-content\/uploads\/2024\/08\/IMG_4629-1536x864.jpg 1536w, https:\/\/www.fablab-neckar-alb.org\/wp-content\/uploads\/2024\/08\/IMG_4629-800x450.jpg 800w, https:\/\/www.fablab-neckar-alb.org\/wp-content\/uploads\/2024\/08\/IMG_4629.jpg 1706w\" sizes=\"(max-width: 1024px) 100vw, 1024px\" \/><\/a><\/figure>\n\n\n\n<p>Als n\u00e4chstes muss die eigentliche Ladefl\u00e4che gebaut werden. Auch einen Elektromotor haben wir schon besorgt.<\/p>\n\n\n\n<p>Wer mitbauen will, darf gerne dazukommen. Wir treffen uns immer montagabends zu den \u00fcblichen Zeiten des offenen Werkstattabends.<\/p>","protected":false},"excerpt":{"rendered":"<p>Wir haben lange kein Update zum Lastenrad mehr gepostet. Aber in letzter Zeit hat das Projekt wieder Fahrt aufgenommen&#8230; Auch im w\u00f6rtlichen Sinne! Nach kleineren Startschwierigkeiten ist das Rad jetzt [&hellip;]<\/p>\n","protected":false},"author":32,"featured_media":0,"comment_status":"closed","ping_status":"open","sticky":false,"template":"","format":"standard","meta":{"ocean_post_layout":"","ocean_both_sidebars_style":"","ocean_both_sidebars_content_width":0,"ocean_both_sidebars_sidebars_width":0,"ocean_sidebar":"","ocean_second_sidebar":"","ocean_disable_margins":"enable","ocean_add_body_class":"","ocean_shortcode_before_top_bar":"","ocean_shortcode_after_top_bar":"","ocean_shortcode_before_header":"","ocean_shortcode_after_header":"","ocean_has_shortcode":"","ocean_shortcode_after_title":"","ocean_shortcode_before_footer_widgets":"","ocean_shortcode_after_footer_widgets":"","ocean_shortcode_before_footer_bottom":"","ocean_shortcode_after_footer_bottom":"","ocean_display_top_bar":"default","ocean_display_header":"default","ocean_header_style":"","ocean_center_header_left_menu":"","ocean_custom_header_template":"","ocean_custom_logo":0,"ocean_custom_retina_logo":0,"ocean_custom_logo_max_width":0,"ocean_custom_logo_tablet_max_width":0,"ocean_custom_logo_mobile_max_width":0,"ocean_custom_logo_max_height":0,"ocean_custom_logo_tablet_max_height":0,"ocean_custom_logo_mobile_max_height":0,"ocean_header_custom_menu":"","ocean_menu_typo_font_family":"","ocean_menu_typo_font_subset":"","ocean_menu_typo_font_size":0,"ocean_menu_typo_font_size_tablet":0,"ocean_menu_typo_font_size_mobile":0,"ocean_menu_typo_font_size_unit":"px","ocean_menu_typo_font_weight":"","ocean_menu_typo_font_weight_tablet":"","ocean_menu_typo_font_weight_mobile":"","ocean_menu_typo_transform":"","ocean_menu_typo_transform_tablet":"","ocean_menu_typo_transform_mobile":"","ocean_menu_typo_line_height":0,"ocean_menu_typo_line_height_tablet":0,"ocean_menu_typo_line_height_mobile":0,"ocean_menu_typo_line_height_unit":"","ocean_menu_typo_spacing":0,"ocean_menu_typo_spacing_tablet":0,"ocean_menu_typo_spacing_mobile":0,"ocean_menu_typo_spacing_unit":"","ocean_menu_link_color":"","ocean_menu_link_color_hover":"","ocean_menu_link_color_active":"","ocean_menu_link_background":"","ocean_menu_link_hover_background":"","ocean_menu_link_active_background":"","ocean_menu_social_links_bg":"","ocean_menu_social_hover_links_bg":"","ocean_menu_social_links_color":"","ocean_menu_social_hover_links_color":"","ocean_disable_title":"default","ocean_disable_heading":"default","ocean_post_title":"","ocean_post_subheading":"","ocean_post_title_style":"","ocean_post_title_background_color":"","ocean_post_title_background":0,"ocean_post_title_bg_image_position":"","ocean_post_title_bg_image_attachment":"","ocean_post_title_bg_image_repeat":"","ocean_post_title_bg_image_size":"","ocean_post_title_height":0,"ocean_post_title_bg_overlay":0.5,"ocean_post_title_bg_overlay_color":"","ocean_disable_breadcrumbs":"default","ocean_breadcrumbs_color":"","ocean_breadcrumbs_separator_color":"","ocean_breadcrumbs_links_color":"","ocean_breadcrumbs_links_hover_color":"","ocean_display_footer_widgets":"default","ocean_display_footer_bottom":"default","ocean_custom_footer_template":"","ocean_post_oembed":"","ocean_post_self_hosted_media":"","ocean_post_video_embed":"","ocean_link_format":"","ocean_link_format_target":"self","ocean_quote_format":"","ocean_quote_format_link":"post","ocean_gallery_link_images":"on","ocean_gallery_id":[],"footnotes":""},"categories":[23,443],"tags":[231,472,473],"class_list":["post-6961","post","type-post","status-publish","format-standard","hentry","category-news","category-projekte","tag-fablab","tag-lastenrad","tag-tuebingen","entry"],"_links":{"self":[{"href":"https:\/\/www.fablab-neckar-alb.org\/en\/wp-json\/wp\/v2\/posts\/6961","targetHints":{"allow":["GET"]}}],"collection":[{"href":"https:\/\/www.fablab-neckar-alb.org\/en\/wp-json\/wp\/v2\/posts"}],"about":[{"href":"https:\/\/www.fablab-neckar-alb.org\/en\/wp-json\/wp\/v2\/types\/post"}],"author":[{"embeddable":true,"href":"https:\/\/www.fablab-neckar-alb.org\/en\/wp-json\/wp\/v2\/users\/32"}],"replies":[{"embeddable":true,"href":"https:\/\/www.fablab-neckar-alb.org\/en\/wp-json\/wp\/v2\/comments?post=6961"}],"version-history":[{"count":0,"href":"https:\/\/www.fablab-neckar-alb.org\/en\/wp-json\/wp\/v2\/posts\/6961\/revisions"}],"wp:attachment":[{"href":"https:\/\/www.fablab-neckar-alb.org\/en\/wp-json\/wp\/v2\/media?parent=6961"}],"wp:term":[{"taxonomy":"category","embeddable":true,"href":"https:\/\/www.fablab-neckar-alb.org\/en\/wp-json\/wp\/v2\/categories?post=6961"},{"taxonomy":"post_tag","embeddable":true,"href":"https:\/\/www.fablab-neckar-alb.org\/en\/wp-json\/wp\/v2\/tags?post=6961"}],"curies":[{"name":"wp","href":"https:\/\/api.w.org\/{rel}","templated":true}]}}